{"provider_url": "https://www.bertioga.sp.leg.br", "title": "DER \u00e9 alvo de mo\u00e7\u00e3o de rep\u00fadio dos vereadores", "html": "\r\n<p><strong>Mo\u00e7\u00f5es:</strong></p>\r\n<p><strong>- Mo\u00e7\u00e3o de Rep\u00fadio ao DER (Departamento de Estradas e Rodagens) do Estado de S\u00e3o Paulo</strong>. Autoria: todos os vereadores. \u201cO Departamento de Estradas e Rodagens 5 est\u00e1 realizando na rodovia Rio-Santos, tamb\u00e9m conhecida como Manoel Hip\u00f3lito do Rego, uma reforma parcial, que \u00e9 a constru\u00e7\u00e3o de uma mureta divis\u00f3ria entre as pistas da rodovia, entre os quil\u00f4metros 215 ao 218. A par de todas as necessidades de melhorias na estrada citada, ou seja, mesmo aquilo que \u00e9 importante n\u00e3o est\u00e1 sendo feito e, ao inv\u00e9s, verificamos uma altera\u00e7\u00e3o vi\u00e1ria na altura do bairro Vista Linda, que n\u00e3o melhora o tr\u00e2nsito, ao contr\u00e1rio, prejudica os moradores e comerciantes do local, e ainda, dificulta a vida de pedestres e motoristas na regi\u00e3o, colocando-os tamb\u00e9m em risco\u201d.</p>\r\n<p><strong>Indica\u00e7\u00f5es:</strong></p>\r\n<p><strong>Edvaldo Alecrim Silva</strong></p>\r\n<p>O vereador apresentou alguns trabalhos voltados \u00e0 realiza\u00e7\u00e3o de melhorias urbanas na sess\u00e3o desta ter\u00e7a, dia 22. Para melhorar o fluxo do tr\u00e2nsito, ele pediu sinaliza\u00e7\u00e3o vi\u00e1ria na avenida Anchieta, na \u00e1rea de estacionamento de farm\u00e1cia, na altura do n\u00ba 1750-B, no Jardim Lido.</p>\r\n<p>Para garantir mais seguran\u00e7a aos moradores da localidade Vicente de Carvalho II, o vereador quer a instala\u00e7\u00e3o de ponto de ilumina\u00e7\u00e3o p\u00fablica na rua Oswaldo Cruz, na altura do n\u00famero 31.</p>\r\n<p><strong>Val\u00e9ria Bento</strong></p>\r\n<p>Por conta dos abusos ocorridos principalmente nos per\u00edodos de feriados e finais de semana, a vereadora solicitou do Executivo Municipal provid\u00eancias para aumentar a seguran\u00e7a e prote\u00e7\u00e3o ao patrim\u00f4nio p\u00fablico na \u00e1rea da orla da praia.</p>\r\n<p><strong>Luiz Carlos Pac\u00edfico J\u00fanior</strong></p>\r\n<p>Com objetivo de conscientizar \u00e0s pessoas e crian\u00e7as que praticam a atividade de \u2018soltar pipa\u2019, o vereador apresentou indica\u00e7\u00e3o para a realiza\u00e7\u00e3o de uma campanha com o lema \u201cSou legal, n\u00e3o solto pipa com cerol\u201d, destinada a dar informa\u00e7\u00f5es sobre os riscos \u00e0 vida com a utiliza\u00e7\u00e3o do cerol e, ainda, os locais seguros para esta atividade, que deve ser efetuada longe de fia\u00e7\u00e3o el\u00e9trica e vias de tr\u00e2nsito.</p>\r\n<p><strong>Elizabeth Dotti Consolo</strong></p>\r\n<p>A vereadora apresentou indica\u00e7\u00e3o sobre o in\u00edcio da Campanha Nacional de Vacina\u00e7\u00e3o contra a Influenza 2014, que ocorre at\u00e9 o dia 09 de maio em postos de sa\u00fade e locais determinados pela Secretaria Municipal de Sa\u00fade, sendo que h\u00e1 divulga\u00e7\u00e3o na m\u00eddia desses pontos de vacina\u00e7\u00e3o.</p>\r\n<p><strong>M\u00e1rcia Regina Braz Lia</strong></p>\r\n<p>A vereadora quer mais seguran\u00e7a no resgate de pessoas com defici\u00eancia motora ou mobilidade reduzida em edifica\u00e7\u00f5es com mais de um pavimento, para essa finalidade, ele requereu da prefeitura medidas para que este servi\u00e7o seja feito com o uso de equipamentos de seguran\u00e7a como a \u2018cadeira resgate\u2019, que garante agilidade nesse tipo de atendimento.</p>\r\n<p>Outro trabalho da vereadora pede a aquisi\u00e7\u00e3o de Tasers (pistolas el\u00e9tricas) para serem usadas na Seguran\u00e7a P\u00fablica, pela Guarda Civil Municipal. A inten\u00e7\u00e3o \u00e9 incapacitar indiv\u00edduos perigosos, combativos e de alto risco, que coloquem em perigo, em algum momento, membros da GCM, civis e a pr\u00f3pria vida.</p>\r\n<p><strong>Alfonso Dari Weiland</strong></p>\r\n<p>O edil requereu medidas para melhorar as condi\u00e7\u00f5es urbanas no bairro Jardim Rio da Praia. Ele quer a realiza\u00e7\u00e3o de servi\u00e7os de ro\u00e7ada de mato, poda de \u00e1rvore e limpeza das valas na rua Jos\u00e9 Gomes. O vereador tamb\u00e9m pediu ro\u00e7ada de mato no entorno da escola estadual Armando Belegarde, no Centro.</p>\r\n<p>Al\u00e9m disso, ele quer que a prefeitura providencie a pavimenta\u00e7\u00e3o das cal\u00e7adas no entorno de todas as escolas do munic\u00edpio. O vereador tamb\u00e9m apresentou dois trabalhos em conjunto com o vereador Alecrim, para melhorias no bairro Vicente de Carvalho II: um para ilumina\u00e7\u00e3o p\u00fablica e outro para a realiza\u00e7\u00e3o de diversos servi\u00e7os de limpeza na localidade.</p>\r\n<p><strong>Ant\u00f4nio Rodrigues Filho</strong></p>\r\n<p>Para incentivar \u00e0s crian\u00e7as no conv\u00edvio e prote\u00e7\u00e3o ao meio ambiente, o vereador indicou programa voltado aos cuidados com pra\u00e7as, parques e jardins junto \u00e0 rede municipal de ensino.</p>\r\n<p>Ainda dentro dessa iniciativa de conscientiza\u00e7\u00e3o aos jovens e crian\u00e7as, o vereador quer a realiza\u00e7\u00e3o de campanha de incentivo a \u2018guarda animal respons\u00e1vel\u201d, com inclus\u00e3o de aula dentro da unidades de ensino que aborde esse tema.</p>\r\n<p><strong>Lu\u00eds Henrique Capellini</strong></p>\r\n<p>O vereador quer a realiza\u00e7\u00e3o de servi\u00e7os urbanos no bairro Jardim Rafael, para a retirada de lixo e entulho e o nivelamento das ruas. Outra solicita\u00e7\u00e3o \u00e9 para que a prefeitura fa\u00e7a gest\u00e3o junto ao \u00f3rg\u00e3o estadual DER para que o mesmo providencie a troca das bocas de lobo (bueiros) da rodovia Rio-Santos, no trecho da localidade Balne\u00e1rio Mogiano.</p>\r\n<p><strong>&nbsp;Ordem do dia:</strong></p>\r\n<p>- <strong>Projeto de Lei Ordin\u00e1ria n\u00ba 31/2014</strong>. \u201cDenomina como Carlos Alessandro Muniz, a antiga Rua Quinze, do bairro Maitinga, e d\u00e1 outras provid\u00eancias\u201d. Aprovado.</p>\r\n<p>&nbsp;</p>\r\n<p>&nbsp;</p>\r\n<p><em>Fonte: Assessoria de Comunica\u00e7\u00e3o da C\u00e2mara Municipal de Bertioga - dia 25 de abril de 2014</em></p>\r\n<p>&nbsp;</p>\r\n", "author_name": "imprensa", "version": "1.0", "author_url": "https://www.bertioga.sp.leg.br/author/imprensa", "provider_name": "C\u00e2mara Municipal de Bertioga", "type": "rich"}